{"id":762,"date":"2010-05-23T11:47:28","date_gmt":"2010-05-23T11:47:28","guid":{"rendered":"http:\/\/mojmirkovac.si\/?p=762"},"modified":"2010-05-23T11:47:28","modified_gmt":"2010-05-23T11:47:28","slug":"predstavitev-knjige-misli-o-sportu","status":"publish","type":"post","link":"https:\/\/mojmirkovac.si\/?p=762","title":{"rendered":"predstavitev knjige Misli o \u0161portu"},"content":{"rendered":"<p>VDC Koper je izdal knjigo Misli o \u0161portu. v knjigi so izjave o \u0161portu . izjave so njihovih varovancev in znanih slovenskih \u0161portnikov.<\/p>\n<p>ker se vsaka pomembna knjiga predstavi tudi v knji\u017enici, smo predstavili tudi to. predstavitev je bila med drugim tudi v sklopu predstavitve specialne olimpiade, ki bo junija 2010 v Kopru in okolici.<\/p>\n<p>slu\u010dajno tokrat nisem bil najpomembnej\u0161i, saj sem bil le privesek  dekletom, ki so knjigo uredile, zalo\u017eile in predstavile.<\/p>\n<div id=\"attachment_769\" style=\"width: 360px\" class=\"wp-caption alignnone\"><a title=\"eden izmed komentarjev iz knjige: Kdo je tvoj vzornik v \u0161portu? Mojmir Kova\u010d, ker je najbolj\u0161i judoist v Portoro\u017eu.  Darja Bagar\" href=\"http:\/\/mojmirkovac.si\/wp-content\/uploads\/2010\/05\/knji\u017enica-Lucija1.jpg\"><img aria-describedby=\"caption-attachment-769\" decoding=\"async\" loading=\"lazy\" class=\"size-full wp-image-769 \" title=\"knji\u017enica Lucija\" src=\"http:\/\/mojmirkovac.si\/wp-content\/uploads\/2010\/05\/knji\u017enica-Lucija1.jpg\" alt=\"knji\u017enica Lucija, Mojmir Kova\u010d, vdc koper, specialna olimpiada\" width=\"350\" height=\"237\" \/><\/a><p id=\"caption-attachment-769\" class=\"wp-caption-text\">eden izmed komentarjev iz knjige: Kdo je tvoj vzornik v \u0161portu? Mojmir Kova\u010d, ker je najbolj\u0161i judoist v Portoro\u017eu.  Darja Bagar<\/p><\/div>\n","protected":false},"excerpt":{"rendered":"<p>VDC Koper je izdal knjigo Misli o \u0161portu. v knjigi so izjave o \u0161portu . izjave so njihovih varovancev in znanih slovenskih \u0161portnikov. ker se vsaka pomembna knjiga predstavi tudi v knji\u017enici, smo predstavili tudi to. predstavitev je bila med drugim tudi v sklopu predstavitve specialne olimpiade, ki bo junija 2010 v Kopru in okolici. [&hellip;]<\/p>\n","protected":false},"author":1,"featured_media":0,"comment_status":"open","ping_status":"open","sticky":false,"template":"","format":"standard","meta":[],"categories":[5],"tags":[],"_links":{"self":[{"href":"https:\/\/mojmirkovac.si\/index.php?rest_route=\/wp\/v2\/posts\/762"}],"collection":[{"href":"https:\/\/mojmirkovac.si\/index.php?rest_route=\/wp\/v2\/posts"}],"about":[{"href":"https:\/\/mojmirkovac.si\/index.php?rest_route=\/wp\/v2\/types\/post"}],"author":[{"embeddable":true,"href":"https:\/\/mojmirkovac.si\/index.php?rest_route=\/wp\/v2\/users\/1"}],"replies":[{"embeddable":true,"href":"https:\/\/mojmirkovac.si\/index.php?rest_route=%2Fwp%2Fv2%2Fcomments&post=762"}],"version-history":[{"count":7,"href":"https:\/\/mojmirkovac.si\/index.php?rest_route=\/wp\/v2\/posts\/762\/revisions"}],"predecessor-version":[{"id":771,"href":"https:\/\/mojmirkovac.si\/index.php?rest_route=\/wp\/v2\/posts\/762\/revisions\/771"}],"wp:attachment":[{"href":"https:\/\/mojmirkovac.si\/index.php?rest_route=%2Fwp%2Fv2%2Fmedia&parent=762"}],"wp:term":[{"taxonomy":"category","embeddable":true,"href":"https:\/\/mojmirkovac.si\/index.php?rest_route=%2Fwp%2Fv2%2Fcategories&post=762"},{"taxonomy":"post_tag","embeddable":true,"href":"https:\/\/mojmirkovac.si\/index.php?rest_route=%2Fwp%2Fv2%2Ftags&post=762"}],"curies":[{"name":"wp","href":"https:\/\/api.w.org\/{rel}","templated":true}]}}