{"id":732,"date":"2010-05-04T12:47:58","date_gmt":"2010-05-04T12:47:58","guid":{"rendered":"http:\/\/mojmirkovac.si\/?p=732"},"modified":"2010-06-20T13:02:14","modified_gmt":"2010-06-20T13:02:14","slug":"tekel-sem-na-baviseli","status":"publish","type":"post","link":"https:\/\/mojmirkovac.si\/?p=732","title":{"rendered":"Tekel sem na Baviseli"},"content":{"rendered":"<div id=\"attachment_733\" style=\"width: 390px\" class=\"wp-caption alignnone\"><a title=\"nepregledna mno\u017eica udele\u017eencev v zelenih majicah\" href=\"http:\/\/mojmirkovac.si\/wp-content\/uploads\/2010\/05\/foto.jpg\"><img aria-describedby=\"caption-attachment-733\" decoding=\"async\" loading=\"lazy\" class=\"size-full wp-image-733\" title=\"foto\" src=\"http:\/\/mojmirkovac.si\/wp-content\/uploads\/2010\/05\/foto.jpg\" alt=\"\" width=\"380\" height=\"253\" srcset=\"https:\/\/mojmirkovac.si\/wp-content\/uploads\/2010\/05\/foto.jpg 380w, https:\/\/mojmirkovac.si\/wp-content\/uploads\/2010\/05\/foto-300x199.jpg 300w\" sizes=\"(max-width: 380px) 100vw, 380px\" \/><\/a><p id=\"caption-attachment-733\" class=\"wp-caption-text\">nepregledna mno\u017eica udele\u017eencev v zelenih majicah<\/p><\/div>\n<p><img decoding=\"async\" src=\"file:\/\/\/C:\/DOCUME%7E1\/momo\/LOCALS%7E1\/Temp\/moz-screenshot-1.png\" alt=\"\" \/><\/p>\n<p><em>Letos so v Trstu organizirali \u017ee 17. Baviselo <\/em><\/p>\n<p><em> <\/em><a href=\"http:\/\/www.bavisela.it\/\">http:\/\/www.bavisela.it<\/a><em>.<\/em><\/p>\n<p><em>To je celotedenska prireditev v samem centru Trsta. Dogaja pa se na kopnem in na morju. Na morju jadrajo in veslajo, na kopnem pa kolesarijo in te\u010dejo na ve\u010d na\u010dinov. Vrhunec \u00a0je maraton, ko teka\u010di prete\u010dejo 42.195m. A najodmevnej\u0161i je netekmovalen tek na 8km od gradu Miramare do trga Unita v centru Trsta. Tega teka in pohoda se udele\u017ei okrog 10.000 ljudi. Lepo je videti vso to gru\u010do ljudi, ki se drenja po glavni cesti. Trie\u0161tini so ponosni na svojo Baviselo in svojo udele\u017ebo razumejo tudi kot pomo\u010d in presti\u017e. Kajti takega teka nima vsak. Ko pridejo v cilj \u010dutijo ponos, da so progo pretekli ali prehodili in ponos, da so sodelovali na Baviseli in s tem svoj kraj nekeko dvignili nad drugimi.<\/em><br \/>\n<!--more--><br \/>\n<em>Leto\u0161nja Bavisela je imela slogan \u00bbTr\u017ea\u0161ki dan proti dolg\u010dasu!\u00ab pri organizaciji sodelujejo vsi organi in vse institucije Trsta. Glavna cesta je bila samo v nedeljo zaprta od 6.00 do 17.00 za ves promet. In ker Trst ni zadnja vas ampak mesto s skoraj 300.000 prebivalci je to \u0161e toliko bolj pomemben podatek. <\/em><\/p>\n<p><em>Kljub temu, da so Italijani znani te\u017eaki, ki jih vse moti, so bili tu umirjeni. Avtobus nas je v \u0161portni opremi pripeljal na Miramar 1 uro pred \u0161tartom. Tam sta bila dva kontejnerja Wceja in javni wc. Nih\u010de ni preva\u017eal opreme teka\u010dev, na \u0161tartu smo se gnetli med 10.000 drugimi udele\u017eenci, odsperedaj so bili otroci, star\u010dki invalidi na vozi\u010dkih in \u0161e in \u0161e in \u0161e&#8230; \u010ce bi se to dogajalo v Sloveniji, bi vsi formumi bili polni kritik, ljudje bi se zgra\u017eali, vsi bi ra\u010dunali koliko je organizator zaslu\u017eil, pljuvali bi \u010dez slabo organizacijo, \u010dez nekulturne teka\u010de&#8230;<\/em><\/p>\n<p><em>Ampak tam je bilo vse na izi, vsi smo bili dobre volje, ker smo pri\u0161li, da bo tudi na\u0161a prisotnost pomagala, da bo \u0161tevilo udele\u017eencev \u0161lo preko 10.000. <\/em><\/p>\n<p><em>Letos sem se prireditve aktivno udele\u017eil \u017ee drugi\u010d in sem ponosen na to, da se bil zraven pri tako velikem dogodku. <\/em><\/p>\n","protected":false},"excerpt":{"rendered":"<p>Letos so v Trstu organizirali \u017ee 17. Baviselo http:\/\/www.bavisela.it. To je celotedenska prireditev v samem centru Trsta. Dogaja pa se na kopnem in na morju. Na morju jadrajo in veslajo, na kopnem pa kolesarijo in te\u010dejo na ve\u010d na\u010dinov. Vrhunec \u00a0je maraton, ko teka\u010di prete\u010dejo 42.195m. A najodmevnej\u0161i je netekmovalen tek na 8km od gradu [&hellip;]<\/p>\n","protected":false},"author":1,"featured_media":0,"comment_status":"open","ping_status":"open","sticky":false,"template":"","format":"standard","meta":[],"categories":[5],"tags":[],"_links":{"self":[{"href":"https:\/\/mojmirkovac.si\/index.php?rest_route=\/wp\/v2\/posts\/732"}],"collection":[{"href":"https:\/\/mojmirkovac.si\/index.php?rest_route=\/wp\/v2\/posts"}],"about":[{"href":"https:\/\/mojmirkovac.si\/index.php?rest_route=\/wp\/v2\/types\/post"}],"author":[{"embeddable":true,"href":"https:\/\/mojmirkovac.si\/index.php?rest_route=\/wp\/v2\/users\/1"}],"replies":[{"embeddable":true,"href":"https:\/\/mojmirkovac.si\/index.php?rest_route=%2Fwp%2Fv2%2Fcomments&post=732"}],"version-history":[{"count":10,"href":"https:\/\/mojmirkovac.si\/index.php?rest_route=\/wp\/v2\/posts\/732\/revisions"}],"predecessor-version":[{"id":825,"href":"https:\/\/mojmirkovac.si\/index.php?rest_route=\/wp\/v2\/posts\/732\/revisions\/825"}],"wp:attachment":[{"href":"https:\/\/mojmirkovac.si\/index.php?rest_route=%2Fwp%2Fv2%2Fmedia&parent=732"}],"wp:term":[{"taxonomy":"category","embeddable":true,"href":"https:\/\/mojmirkovac.si\/index.php?rest_route=%2Fwp%2Fv2%2Fcategories&post=732"},{"taxonomy":"post_tag","embeddable":true,"href":"https:\/\/mojmirkovac.si\/index.php?rest_route=%2Fwp%2Fv2%2Ftags&post=732"}],"curies":[{"name":"wp","href":"https:\/\/api.w.org\/{rel}","templated":true}]}}