{"id":729,"date":"2010-04-12T11:45:33","date_gmt":"2010-04-12T11:45:33","guid":{"rendered":"http:\/\/mojmirkovac.si\/?p=729"},"modified":"2010-06-20T13:02:55","modified_gmt":"2010-06-20T13:02:55","slug":"volonter-meseca","status":"publish","type":"post","link":"https:\/\/mojmirkovac.si\/?p=729","title":{"rendered":"volonter meseca"},"content":{"rendered":"<p>kaj pomeni organizirat prireditev s prostovoljci? pomeni, da mora\u0161 vra\u010dati usluge.<\/p>\n<p>tako sem soboto dopoldan pre\u017eivel v Luciji pred zdravstvenim domom, kjer je bila eko tr\u017enica z zdravo prehrano in rekreacija. z velikim veseljem sem skoraj 30 pohodnikov odpeljal na dve urni pohod &#8220;Gor in dol po Se\u010di&#8221;.\u00a0 popoldan sem pre\u017eivel na vrtu za hi\u0161o, kjer sem se igral z ognjem. kuril sem eko odpadke. zakuril sem staro vrtno mizo in stole odpeljal v kontejner.<br \/>\n<!--more--><br \/>\nnedelja je bila \u0161e bolj zanimiva! dopoldan sem bil prometnik. strokovno sem zaprl cesto \u0160ared &#8211; Korte &#8211; \u0160ared. na cesti se je dogajal duatlon. duatlon je tek, kolesarjenje in spet tek. letos je bilo \u017ee 62 duatloncev in duatlonk.\u00a0 cesta je bila tako dobro zaprta, da so nas morali celo policisti in gasilci prositi, \u010de gredo lahko skozi, ker je\u00a0 v Kortah gorelo. ajde naj jim bo sem si mislil in jih spustil skozi. \u010dez nekaj \u010dasa pa vidim kako za kolesarji vozi en avto, ki tam ni imel kaj po\u010deti. ko smo ga nekako &#8220;zrinil&#8221; s proge in je parkiral na zelenico skoraj v drevo, je iz njego izstopil en gospod. gospod star 80 in ve\u010d let se je skobacal iz avta in mi rekel: &#8220;mona, vsak dan pridem na \u0161pric in sem tudi danes!&#8221;\u00a0 gospod hvala, ker niste nobenega povozil sem mu rekel. NORO!!!<\/p>\n<p>ob 15.03 sem pri\u0161el domov. ob 1823 pa sem \u017ee v Izoli na prazniku plesa prodajal sre\u010dke za sre\u010delov. prodal sem vse sre\u010dke, razdelili smo vse darilca. pri obra\u010dunu sem ugotovil, da me je nekdo nategnil za 10 centov GRRRR! no in potem smo \u0161e malo pospravili telovadnico, znosili vse v kombi in odpeketali domov&#8230;<\/p>\n<p>zares lep vikend. tako se \u010dlovek po\u010duti koristnega. no tudi, \u010de me nih\u010de ne povabi za prostovoljca ne bom jezen.<\/p>\n","protected":false},"excerpt":{"rendered":"<p>kaj pomeni organizirat prireditev s prostovoljci? pomeni, da mora\u0161 vra\u010dati usluge. tako sem soboto dopoldan pre\u017eivel v Luciji pred zdravstvenim domom, kjer je bila eko tr\u017enica z zdravo prehrano in rekreacija. z velikim veseljem sem skoraj 30 pohodnikov odpeljal na dve urni pohod &#8220;Gor in dol po Se\u010di&#8221;.\u00a0 popoldan sem pre\u017eivel na vrtu za hi\u0161o, [&hellip;]<\/p>\n","protected":false},"author":1,"featured_media":0,"comment_status":"open","ping_status":"open","sticky":false,"template":"","format":"standard","meta":[],"categories":[1],"tags":[],"_links":{"self":[{"href":"https:\/\/mojmirkovac.si\/index.php?rest_route=\/wp\/v2\/posts\/729"}],"collection":[{"href":"https:\/\/mojmirkovac.si\/index.php?rest_route=\/wp\/v2\/posts"}],"about":[{"href":"https:\/\/mojmirkovac.si\/index.php?rest_route=\/wp\/v2\/types\/post"}],"author":[{"embeddable":true,"href":"https:\/\/mojmirkovac.si\/index.php?rest_route=\/wp\/v2\/users\/1"}],"replies":[{"embeddable":true,"href":"https:\/\/mojmirkovac.si\/index.php?rest_route=%2Fwp%2Fv2%2Fcomments&post=729"}],"version-history":[{"count":3,"href":"https:\/\/mojmirkovac.si\/index.php?rest_route=\/wp\/v2\/posts\/729\/revisions"}],"predecessor-version":[{"id":826,"href":"https:\/\/mojmirkovac.si\/index.php?rest_route=\/wp\/v2\/posts\/729\/revisions\/826"}],"wp:attachment":[{"href":"https:\/\/mojmirkovac.si\/index.php?rest_route=%2Fwp%2Fv2%2Fmedia&parent=729"}],"wp:term":[{"taxonomy":"category","embeddable":true,"href":"https:\/\/mojmirkovac.si\/index.php?rest_route=%2Fwp%2Fv2%2Fcategories&post=729"},{"taxonomy":"post_tag","embeddable":true,"href":"https:\/\/mojmirkovac.si\/index.php?rest_route=%2Fwp%2Fv2%2Ftags&post=729"}],"curies":[{"name":"wp","href":"https:\/\/api.w.org\/{rel}","templated":true}]}}