{"id":1622,"date":"2016-04-22T15:23:21","date_gmt":"2016-04-22T15:23:21","guid":{"rendered":"http:\/\/mojmirkovac.si\/?p=1622"},"modified":"2016-04-22T15:29:28","modified_gmt":"2016-04-22T15:29:28","slug":"in-princeska-je-vzletela-proti-soncnemu-zahodu","status":"publish","type":"post","link":"https:\/\/mojmirkovac.si\/?p=1622","title":{"rendered":"&#8230;in princeska je vzletela proti son\u010dnemu zahodu!"},"content":{"rendered":"<p><i>Uuuuuuuuuuuuauuuuuuuu, koliko prahu je dvignil \u010dlanek o Spustu princeske! Nekoliko izkrivljene\u00bbOb\u010dinske resnice\u00ab \u00a0so spro\u017eile val telefonskih klicev in pouli\u010dnih razlag. Ljudje so me spra\u0161evali, zakaj in kako se je to zgodilo.<\/i><\/p>\n<p><i>Na kratko sem jim povedal, da je v osnovi to enak primer kot pri <a href=\"http:\/\/mojmirkovac.si\/?p=1602\">Pomorskem krstu,<\/a> ki sem ga opisal v eni od prej\u0161njih kolumn. A je le \u0161e malo bolj reprezentativen.<\/i><\/p>\n<p><i>Enostavno, bi to prigodo lahko razlo\u017eil tako; Oseba ki preko razpisa deli denar, med drugim organizira tudi \u00a0konkuren\u010dno prireditev (na istem kraju in ob istem \u010dasu). Zato uka\u017ee spremembo datuma izvedbe \u00bbPrinceske\u00ab in piscu te kolumne zagotovi, da bo dru\u0161tvo za \u00bbPrincesko\u00ab na razpisu dobilo 5.000\u20ac. Kar se ni zgodilo. <\/i><\/p>\n<p><i>Leta 2013 je \u017eupan iz svojega sklada \u00bbenodnevni Princeski\u00ab namenil 3100\u20ac. Po velikem medijskem uspehu in napolnjenem trgu razpisna komisija (kljub druga\u010dnim obljubam), \u00bbtridnevni Princeski\u00ab nameni 3000\u20ac. <\/i><\/p>\n<p><i>To se je zgodilo kljub temu, da je \u00bbPrinceska\u00ab ustvarila preko 150 medijskih objav in je leto pred tem do zadnjega koti\u010dka napolnila Tartinijev trg. \u00a0Kaj takega ni uspelo niti slavnim Mambo Kingsom na Silvestrovo!<\/i><\/p>\n<p><i>Bralec naj sam presodi v kak\u0161ni meri je Ob\u010dina prepoznala Princesko kot dober projekt. <\/i><\/p>\n<p><b><i>Pustimo Princesko in pomislimo, zakaj se take stvari dogajajo v Piranu.<\/i><\/b><\/p>\n<p><i>Kdo je na piranski ob\u010dini odgovoren za prireditve? Kdo naredi scenarij posamezne prireditve? Kdo je tisti, ki odlo\u010di katera prireditev je v ob\u010dinskem interesu in na podlagi \u010desa? Kdo je tisti, ki je sestavil nabor prireditev, ki najbolj poudarjajo specifi\u010dnost piranske ob\u010dine? Kdo je tisti, ki skozi prireditve raziskuje in ohranja kulturno dedi\u0161\u010dino?<\/i><\/p>\n<p><i>Verjemite mi, takega \u010dloveka na ob\u010dini Piran ni! \u0160e ve\u010d, tam o teh stvareh tudi nih\u010de ne razmi\u0161lja. <\/i><\/p>\n<p><i>Sodobni trend v turizmu je, da vsaka vas obiskovalce seznani s svojimi posebnostmi, s \u00a0svojimi obi\u010daji, miti, kulinariko&#8230;s svojimi edinstvenostmi. Kaj po\u010dnemo v Piranu? Organiziramo mediteranski etno festival, na Solinarskem prazniku igra ljubljanski \u017eur bend in podobno. S takim delovanjem zamudimo izjemno prilo\u017enost, da doma\u010dine pou\u010dimo o zgodovini na\u0161ih krajev. Po drugi strani pa gostom ne poka\u017eemo, zakaj in po \u010dem smo mi druga\u010dni in bolj\u0161i.<\/i><\/p>\n<p><b><i>Piranski McDonald&#8217;s<\/i><\/b><\/p>\n<p><i>Piran je kraj brez identitete in brez du\u0161e, najbr\u017e so jo v pedesetih letih prej\u0161njega stoletja \u00bbesuli\u00ab odnesli s seboj. \u00a0Sedaj imamo dve mo\u017enosti. Lahko se obrnemo proti Balkanu ali proti svetu in postanemo neprepoznavni oz. eni izmed. Druga mo\u017enost pa je, da se obrnemo v zgodovino tega kraja in tam posku\u0161amo izbrskati stvari, ki nas bodo povezale in nas predstavile svetu, kot nekaj edinstvenega.<\/i><\/p>\n<p><i>\u010ce se Zavod za kulturno dedi\u0161\u010dino bori zato, da vsak kamen ostane prav tak in na svojem mestu, bi bilo prav, da se nekdo potrudi ter pove zgodbe o teh kamnih. \u0160e bolj kot kamni, so pomembne zgodbe o ljudeh, ki so \u017eiveli in delali tukaj. <\/i><\/p>\n<p><i>Ko bodo doma\u010dini bolje spoznali zgodovino kraja v katerem \u017eivijo, bodo bolj spo\u0161tovali kamne in zgodbe, ki sestavljajo du\u0161o kraja. <\/i><\/p>\n<p><i>Ob\u010dina se ma\u010dehovsko obna\u0161a do 70 letne tradicije \u00bbPomorskega krsta\u00ab in s tem zavra\u010da zgodovinsko povezanost Piran\u010danov in pomorstva. Pomorski krst odpravi z drobi\u017eem. Na drugi strani pa bogato nagradi Ljubljan\u010dane, ki prepevajo na Solinarskem prazniku, na katerem je ve\u010d kranjskih klobas kot soli. <\/i><\/p>\n<p><i>In to se dogaja zato, ker Ob\u010dina ne premore <b>Oddelka za prireditve in do\u017eivetja<\/b>. Prireditve, ki so pomemben del promocije kraja in turizma, so prepu\u0161\u010dene trenutnemu navdihu de\u017eurnega Ob\u010dinskega uradnika in prodajnim sposobnostim organizatorja posamezne prireditve. <\/i><\/p>\n<p><i>Dokler si bodo na Ob\u010dini zatiskali o\u010di in se sprenevedali, da je drugje \u0161e slab\u0161e, resni\u010dno ne moremo pri\u010dakovati sprememb na bolje. \u0160ele ko bo \u017eupan prevzel krmilo v svoje roke in bo z enim stavkom dal nalogo: \u00bbv 14 dnevih mi naredite Oddelek za prireditve in do\u017eivetja\u00ab, se bodo stvari za\u010dele premikati. A kaj, ko smo \u017ee v maju, in je najbr\u017e tudi leto gospodovo 2016 izgubljeno.<\/i><\/p>\n<p><b><i>Uradna otvoritev poletne turisti\u010dne sezone<\/i><\/b><\/p>\n<p><i>Na tistem famoznem sestanku pri \u017eupanu oktobra 2013, sem predlagal, da bi bilo koristno, \u010de bi \u00bborganizirali\u00ab Uradno otvoritev poletne turisti\u010dne sezone.\u00a0 <\/i><\/p>\n<p><i>Na oder se postavi velik zvon, \u017eupan udari po njem in odpre poletno turisti\u010dno sezono. Pri\u010dne se \u017eurka. To bi bila \u0161e ena prilo\u017enost ve\u010d, da se z dobro promocijo napolni Portoro\u017e in dobro zaslu\u017ei. <\/i><\/p>\n<p><i>Decembra 2011 smo skupaj z bo\u017ei\u010dkom \u00bb<a href=\"https:\/\/youtu.be\/_CUDsTFdYig\">Otvorili novoletno okrasitev Portoro\u017ea<\/a>\u00ab, \u010dez par let je to naredila tudi formalna oblast. Ali bo v tem primeru enako?<\/i><\/p>\n","protected":false},"excerpt":{"rendered":"<p>Uuuuuuuuuuuuauuuuuuuu, koliko prahu je dvignil \u010dlanek o Spustu princeske! Nekoliko izkrivljene\u00bbOb\u010dinske resnice\u00ab \u00a0so spro\u017eile val telefonskih klicev in pouli\u010dnih razlag. Ljudje so me spra\u0161evali, zakaj in kako se je to zgodilo. Na kratko sem jim povedal, da je v osnovi to enak primer kot pri Pomorskem krstu, ki sem ga opisal v eni od prej\u0161njih [&hellip;]<\/p>\n","protected":false},"author":1,"featured_media":0,"comment_status":"open","ping_status":"open","sticky":false,"template":"","format":"standard","meta":[],"categories":[12],"tags":[17,48,13,14,43,80,41,27],"_links":{"self":[{"href":"https:\/\/mojmirkovac.si\/index.php?rest_route=\/wp\/v2\/posts\/1622"}],"collection":[{"href":"https:\/\/mojmirkovac.si\/index.php?rest_route=\/wp\/v2\/posts"}],"about":[{"href":"https:\/\/mojmirkovac.si\/index.php?rest_route=\/wp\/v2\/types\/post"}],"author":[{"embeddable":true,"href":"https:\/\/mojmirkovac.si\/index.php?rest_route=\/wp\/v2\/users\/1"}],"replies":[{"embeddable":true,"href":"https:\/\/mojmirkovac.si\/index.php?rest_route=%2Fwp%2Fv2%2Fcomments&post=1622"}],"version-history":[{"count":5,"href":"https:\/\/mojmirkovac.si\/index.php?rest_route=\/wp\/v2\/posts\/1622\/revisions"}],"predecessor-version":[{"id":1627,"href":"https:\/\/mojmirkovac.si\/index.php?rest_route=\/wp\/v2\/posts\/1622\/revisions\/1627"}],"wp:attachment":[{"href":"https:\/\/mojmirkovac.si\/index.php?rest_route=%2Fwp%2Fv2%2Fmedia&parent=1622"}],"wp:term":[{"taxonomy":"category","embeddable":true,"href":"https:\/\/mojmirkovac.si\/index.php?rest_route=%2Fwp%2Fv2%2Fcategories&post=1622"},{"taxonomy":"post_tag","embeddable":true,"href":"https:\/\/mojmirkovac.si\/index.php?rest_route=%2Fwp%2Fv2%2Ftags&post=1622"}],"curies":[{"name":"wp","href":"https:\/\/api.w.org\/{rel}","templated":true}]}}