{"id":1497,"date":"2013-12-10T07:40:28","date_gmt":"2013-12-10T07:40:28","guid":{"rendered":"http:\/\/mojmirkovac.si\/?p=1497"},"modified":"2013-12-10T07:40:28","modified_gmt":"2013-12-10T07:40:28","slug":"skupaj-bomo-zmagali","status":"publish","type":"post","link":"https:\/\/mojmirkovac.si\/?p=1497","title":{"rendered":"Skupaj bomo zmagali!"},"content":{"rendered":"<p><i>\u0160ele, ko se posamezniki zdru\u017eijo in pove\u017eejo v skupnost, pri\u010dnejo ustvarjati neprekosljive rezultate, ki pomembno vplivajo na \u017eivljenja vseh v skupnosti.<\/i><\/p>\n<p><i>Vsi vemo, da v na\u0161em kraju deluje veliko uspe\u0161nih in pozitivnih posameznikov. Vse te ljudi poznamo saj nas s svojim delom opozarjajo nase in na svoje aktivnosti. Ti ljudje delujejo v razli\u010dnih dru\u0161tvih, nekateri so dobri podjetniki, nekateri pa so aktivni, ker jim je enostavno v\u0161e\u010d pomagati drugim. <\/i><\/p>\n<p><i>Te\u017eave pa nastopijo, ker ima vsak posameznik lastne interese. Vsako dru\u0161tvo, cehovsko zdru\u017eenje ali pa kar krajani imajo razli\u010dne probleme in razli\u010dne interese. Najve\u010dkrat se ti interesi med razli\u010dnimi skupinami kri\u017eajo. Naj navedem en enostaven primer: krajane moti preglasna glasba iz lokalov, gostinci pa pravijo, da jim prav ta glasba pomeni zaslu\u017eek in pla\u010de za njihove zaposlene. \u0160e bolj pridejo do izraza ti problemi pri dru\u0161tvih, kjer se dru\u0161tva med seboj \u00bbprerekajo\u00ab za drobtinice iz ob\u010dinske blagajne. In kak\u0161na je re\u0161itev?<\/i><\/p>\n<p><i>Sam vidim enostavno re\u0161itev. Nikoli ne bomo izumili univerzalne re\u0161itve, ki bo zadovoljila vse. Potrebno je le dogovoriti nekaj skupnih to\u010dk, ki so pomembne vsem, najprej znotraj dru\u0161tev, znotraj cehovskih organizaciji in med krajani samimi. \u0160ele takrat se bodo lahko predstavniki posamezne skupine usedli za skupno mizo in dokon\u010dno dogovorili \u00bbskupne interese in prioritete\u00ab oz. rde\u010do nit sobivanja. <\/i><\/p>\n<p><i>Naj ponovim, \u0161ele, ko se posamezniki zdru\u017eijo v skupnost pri\u010dnejo ustvarjati vrhunske rezultate ali si le olaj\u0161ajo \u017eivljenje! Potrebno se je le dogovoriti, kaj je dobro za vse!<\/i><\/p>\n<p><i>Ob\u010dina Piran je ustanovila Komisijo za razvoj nevladnih organizacij (dru\u0161tev). Zdaj je na dru\u0161tvih, da zdru\u017eijo lastne interese v 5 to\u010dk, ki jih bodo \u00bbzahtevali\u00ab od Ob\u010dine. Lastniki lokalov v Portoro\u017eu so ustanovili svoje dru\u0161tvo \u00bbSon\u010dna riviera\u00ab. Preko njega se bodo lahko la\u017eje pogajali. Krajani imamo veliko oporo v Krajevni skupnosti. Sedaj je pri\u0161el \u010das, da ubesedimo svoje \u017eelje in zahteve!<\/i><\/p>\n<p><i>V sodelovanju in v prilagajanju lastnih interesov v skupnosti vodi pot navzgor.<\/i><\/p>\n<p><i>Naj izkoristim prilo\u017enost in vas povabim, 5.12.2013 bomo ob dnevu prostovoljstva zasadili 5 fig v mediteranskem vrtu medgeneracijskega sodelovanja, ki bo ob Zunanjem fitnesu pod Se\u010do. \u0160tudenti, u\u010denci in gostinci bodo v decembru spekli najdalj\u0161i jabol\u010dni \u0161trudelj v Portoro\u017eu. Potrebujemo veliko rok za lupljenje jabolk. \u017delite sodelovati? Pridite, veseli bomo va\u0161e pomo\u010di. Pokli\u010di te me na 041 72 42 62<\/i><\/p>\n","protected":false},"excerpt":{"rendered":"<p>\u0160ele, ko se posamezniki zdru\u017eijo in pove\u017eejo v skupnost, pri\u010dnejo ustvarjati neprekosljive rezultate, ki pomembno vplivajo na \u017eivljenja vseh v skupnosti. Vsi vemo, da v na\u0161em kraju deluje veliko uspe\u0161nih in pozitivnih posameznikov. Vse te ljudi poznamo saj nas s svojim delom opozarjajo nase in na svoje aktivnosti. Ti ljudje delujejo v razli\u010dnih dru\u0161tvih, nekateri [&hellip;]<\/p>\n","protected":false},"author":1,"featured_media":0,"comment_status":"open","ping_status":"open","sticky":false,"template":"","format":"standard","meta":[],"categories":[40],"tags":[],"_links":{"self":[{"href":"https:\/\/mojmirkovac.si\/index.php?rest_route=\/wp\/v2\/posts\/1497"}],"collection":[{"href":"https:\/\/mojmirkovac.si\/index.php?rest_route=\/wp\/v2\/posts"}],"about":[{"href":"https:\/\/mojmirkovac.si\/index.php?rest_route=\/wp\/v2\/types\/post"}],"author":[{"embeddable":true,"href":"https:\/\/mojmirkovac.si\/index.php?rest_route=\/wp\/v2\/users\/1"}],"replies":[{"embeddable":true,"href":"https:\/\/mojmirkovac.si\/index.php?rest_route=%2Fwp%2Fv2%2Fcomments&post=1497"}],"version-history":[{"count":1,"href":"https:\/\/mojmirkovac.si\/index.php?rest_route=\/wp\/v2\/posts\/1497\/revisions"}],"predecessor-version":[{"id":1498,"href":"https:\/\/mojmirkovac.si\/index.php?rest_route=\/wp\/v2\/posts\/1497\/revisions\/1498"}],"wp:attachment":[{"href":"https:\/\/mojmirkovac.si\/index.php?rest_route=%2Fwp%2Fv2%2Fmedia&parent=1497"}],"wp:term":[{"taxonomy":"category","embeddable":true,"href":"https:\/\/mojmirkovac.si\/index.php?rest_route=%2Fwp%2Fv2%2Fcategories&post=1497"},{"taxonomy":"post_tag","embeddable":true,"href":"https:\/\/mojmirkovac.si\/index.php?rest_route=%2Fwp%2Fv2%2Ftags&post=1497"}],"curies":[{"name":"wp","href":"https:\/\/api.w.org\/{rel}","templated":true}]}}