{"id":1187,"date":"2012-01-03T08:16:36","date_gmt":"2012-01-03T08:16:36","guid":{"rendered":"http:\/\/mojmirkovac.si\/?p=1187"},"modified":"2012-01-06T15:30:55","modified_gmt":"2012-01-06T15:30:55","slug":"zunanji-fitnes-pod-seco-2","status":"publish","type":"post","link":"https:\/\/mojmirkovac.si\/?p=1187","title":{"rendered":"Zunanji fitnes pod Se\u010do"},"content":{"rendered":"<p><em>Sponzorji zunanjega fitnesa pod Se\u010do<\/em><\/p>\n<p><em>\u00a0<\/em><\/p>\n<p><em>Darinka Radoja , Irena Argentin Novak, Marko Kristofi\u010d, Matja\u017e Ukmar, Palma Smrekar, Tanja Bole, Anton Vehar , Erna Pudgar, Olga Strus, Andreja Jurca, Martin Kotar, Zora Mu\u017eini\u010d, Sandi \u010cema\u017ear , Magda Osenar, PRIT d.o.o., Brina Be\u0161kovnik, Klavdija \u010cernivec, Bo\u017eo Raj\u010di\u010d, Liljana Veznaver, Dijana Galja\u0161evi\u010d, Rossana Sfiligoj Polh, Mitja Surina, Ferdinanda Kosi, Bojan Mikolj, Biserka Cizar, Alenka Likar, Simon Ganza, Magda Kranjc, Cirilj Andolj\u0161ek, Olga Tul, Denis Loboda, Matejka Stare\u0161ini\u010d, Fiorenzo Lupieri, Boris Butinar, Mojca Dolj\u0161ak, Tone Ple\u0161a,\u00a0 Ervin Skomina, Peter Mu\u0161i\u010d, Andreja Me\u017enar, Jakob Islamovi\u010d, Jadran Furlani\u010d, Ana Mlakar, Petra \u017dagar, Breda Miheli\u010d, Lili Vi\u010di\u010d, Gregor Kri\u017eman, Slavko Ivan\u010di\u010d, Boris Kopilovi\u010d, Sandra Klan\u010dnik, Mirjam Ko\u0161ir, Miki Boroja, Ga\u0161par Ga\u0161par Mi\u0161i\u010d, Sre\u010dko Vernot, Mojca Pe\u010dnik Dessardo, Andra\u017e Sabadin, Ester Kos in \u0161e veliko drugih, kot prostovoljni prispevek na prireditvah. <\/em><\/p>\n<p><em>skupni znesek zbranega denarja do 2.1.2012 = <strong>1.270\u20ac<\/strong><\/em><\/p>\n","protected":false},"excerpt":{"rendered":"<p>Sponzorji zunanjega fitnesa pod Se\u010do \u00a0 Darinka Radoja , Irena Argentin Novak, Marko Kristofi\u010d, Matja\u017e Ukmar, Palma Smrekar, Tanja Bole, Anton Vehar , Erna Pudgar, Olga Strus, Andreja Jurca, Martin Kotar, Zora Mu\u017eini\u010d, Sandi \u010cema\u017ear , Magda Osenar, PRIT d.o.o., Brina Be\u0161kovnik, Klavdija \u010cernivec, Bo\u017eo Raj\u010di\u010d, Liljana Veznaver, Dijana Galja\u0161evi\u010d, Rossana Sfiligoj Polh, Mitja Surina, [&hellip;]<\/p>\n","protected":false},"author":1,"featured_media":0,"comment_status":"open","ping_status":"open","sticky":false,"template":"","format":"standard","meta":[],"categories":[5],"tags":[],"_links":{"self":[{"href":"https:\/\/mojmirkovac.si\/index.php?rest_route=\/wp\/v2\/posts\/1187"}],"collection":[{"href":"https:\/\/mojmirkovac.si\/index.php?rest_route=\/wp\/v2\/posts"}],"about":[{"href":"https:\/\/mojmirkovac.si\/index.php?rest_route=\/wp\/v2\/types\/post"}],"author":[{"embeddable":true,"href":"https:\/\/mojmirkovac.si\/index.php?rest_route=\/wp\/v2\/users\/1"}],"replies":[{"embeddable":true,"href":"https:\/\/mojmirkovac.si\/index.php?rest_route=%2Fwp%2Fv2%2Fcomments&post=1187"}],"version-history":[{"count":8,"href":"https:\/\/mojmirkovac.si\/index.php?rest_route=\/wp\/v2\/posts\/1187\/revisions"}],"predecessor-version":[{"id":1196,"href":"https:\/\/mojmirkovac.si\/index.php?rest_route=\/wp\/v2\/posts\/1187\/revisions\/1196"}],"wp:attachment":[{"href":"https:\/\/mojmirkovac.si\/index.php?rest_route=%2Fwp%2Fv2%2Fmedia&parent=1187"}],"wp:term":[{"taxonomy":"category","embeddable":true,"href":"https:\/\/mojmirkovac.si\/index.php?rest_route=%2Fwp%2Fv2%2Fcategories&post=1187"},{"taxonomy":"post_tag","embeddable":true,"href":"https:\/\/mojmirkovac.si\/index.php?rest_route=%2Fwp%2Fv2%2Ftags&post=1187"}],"curies":[{"name":"wp","href":"https:\/\/api.w.org\/{rel}","templated":true}]}}